{"id":323,"date":"2008-08-29T23:06:36","date_gmt":"2008-08-29T21:06:36","guid":{"rendered":"http:\/\/www.fontenelle.org\/olivier\/archives\/2008\/08\/29\/ilium-de-dan-simmons\/"},"modified":"2008-08-30T00:09:21","modified_gmt":"2008-08-29T22:09:21","slug":"ilium-de-dan-simmons","status":"publish","type":"post","link":"https:\/\/www.fontenelle.org\/olivier\/archives\/2008\/08\/29\/ilium-de-dan-simmons\/","title":{"rendered":"Notes de lecture : Ilium, de Dan Simmons"},"content":{"rendered":"<p style=\"float:right\"><a href=\"http:\/\/www.amazon.fr\/gp\/product\/2266149156?ie=UTF8&amp;tag=leblodoli-21&amp;linkCode=as2&amp;camp=1642&amp;creative=6746&amp;creativeASIN=2266149156\"><img loading=\"lazy\" decoding=\"async\" class=\"alignright size-medium wp-image-325\" style=\"margin: 3px;\" title=\"Ilium, de Dan Simmons\" src=\"https:\/\/www.fontenelle.org\/olivier\/wp-content\/uploads\/2008\/08\/517pkoke7hl_sl160_.jpg\" alt=\"\" width=\"95\" height=\"160\" \/><\/a><img loading=\"lazy\" decoding=\"async\" style=\"border:none !important; margin:0px !important;\" src=\"http:\/\/www.assoc-amazon.fr\/e\/ir?t=leblodoli-21&amp;l=as2&amp;o=8&amp;a=2266149156\" border=\"0\" alt=\"\" width=\"1\" height=\"1\" \/><\/p>\n<p>J&rsquo;ai profit\u00e9 de l&rsquo;\u00e9t\u00e9 pour essayer de r\u00e9duire le \u00ab\u00a0retard\u00a0\u00bb accumul\u00e9 dans ma biblioth\u00e8que, et j&rsquo;ai retenu <a href=\"http:\/\/fr.wikipedia.org\/wiki\/Ilium_(roman)\">Ilium<\/a> de <a href=\"http:\/\/fr.wikipedia.org\/wiki\/Dan_Simmons\">Dan Simmons<\/a>, au rayon science-fiction (le plus fourni il faut bien dire \ud83d\ude42 ) : grand bien m&rsquo;en a pris, car j&rsquo;ai vraiment beaucoup appr\u00e9ci\u00e9 ce roman !<\/p>\n<p>Le pitch : les dieux grecs &#8212; des esp\u00e8ces de super-h\u00e9ros en toges, qui habitent en haut du Mont Olympe sur Mars &#8212; s&rsquo;amusent \u00e0\u00a0 intervenir dans la Guerre de Troie, en particulier en envoyant des observateurs \u00ab\u00a0modernes\u00a0\u00bb pour s&rsquo;assurer que cela ne d\u00e9vie pas trop du r\u00e9cit qu&rsquo;en fait Hom\u00e8re !<\/p>\n<p>Sur cette base bien d\u00e9jant\u00e9e, on suit les histoires de plusieurs protagonistes &#8212; qui finissent \u00e9videmment par converger : un observateur issu du XX\u00e8me si\u00e8cle, des humains \u00ab\u00a0modernes\u00a0\u00bb qui habitent la Terre et ne pensent qu&rsquo;\u00e0\u00a0 prendre du bon temps en se \u00ab\u00a0faxant\u00a0\u00bb d&rsquo;une f\u00e0\u00aate \u00e0\u00a0 l&rsquo;autre, et enfin les moravecs, des robots intelligents qui viennent voir ce qui se passe sur Mars, inquiets des r\u00e9percussions que la d\u00e9bauche d&rsquo;\u00e9nergie rayonnant de cette plan\u00e8te pourrait avoir sur le syst\u00e8me solaire&#8230;<\/p>\n<p>Dans un m\u00e9lange \u00e9tonnant de sc\u00e8nes historiques violentes (voire sanglantes) et de bonne grosse <em>hard-science<\/em> digne des meilleurs, Dan Simmons nous gratifie d&rsquo;un roman particuli\u00e8rement accrocheur, rempli d&rsquo;humour et de situations cocasses &#8212; vous imaginez deux moravecs d\u00e9battre des m\u00e9rites respectifs de Shakespeare et Proust ? &#8212; et aux dialogues aussi truculents qu&rsquo;improbables entre personnages issus d&rsquo;\u00e9poques diff\u00e9rentes : Ulysse et les moravecs, Hockenberry le prof et Zeus&#8230;<\/p>\n<p>Attention, il y a une suite \u00e0\u00a0 ce roman, qui s&rsquo;ach\u00e8ve sur un assez gros <em>cliffhanger<\/em> : Olympos.<\/p>\n<p>Ma note : <img loading=\"lazy\" decoding=\"async\" src=\"https:\/\/www.fontenelle.org\/olivier\/wp-content\/uploads\/2008\/08\/rating-on.jpg\" alt=\"rating_on.gif\" width=\"12\" height=\"12\" \/> <img loading=\"lazy\" decoding=\"async\" src=\"https:\/\/www.fontenelle.org\/olivier\/wp-content\/uploads\/2008\/08\/rating-on.jpg\" alt=\"rating_on.gif\" width=\"12\" height=\"12\" \/> <img loading=\"lazy\" decoding=\"async\" src=\"https:\/\/www.fontenelle.org\/olivier\/wp-content\/uploads\/2008\/08\/rating-on.jpg\" alt=\"rating_on.gif\" width=\"12\" height=\"12\" \/> <img loading=\"lazy\" decoding=\"async\" src=\"https:\/\/www.fontenelle.org\/olivier\/wp-content\/uploads\/2008\/08\/rating-on.jpg\" alt=\"rating_on.gif\" width=\"12\" height=\"12\" \/> <img loading=\"lazy\" decoding=\"async\" src=\"https:\/\/www.fontenelle.org\/olivier\/wp-content\/uploads\/2008\/08\/rating-on.jpg\" alt=\"rating_on.gif\" width=\"12\" height=\"12\" \/><\/p>\n","protected":false},"excerpt":{"rendered":"<p>J&rsquo;ai profit\u00e9 de l&rsquo;\u00e9t\u00e9 pour essayer de r\u00e9duire le \u00ab\u00a0retard\u00a0\u00bb accumul\u00e9 dans ma biblioth\u00e8que, et j&rsquo;ai retenu Ilium de Dan Simmons, au rayon science-fiction (le plus fourni il faut bien dire \ud83d\ude42 ) : grand bien m&rsquo;en a pris, car j&rsquo;ai vraiment beaucoup appr\u00e9ci\u00e9 ce roman ! Le pitch : les dieux grecs &#8212; des &hellip; <a href=\"https:\/\/www.fontenelle.org\/olivier\/archives\/2008\/08\/29\/ilium-de-dan-simmons\/\" class=\"more-link\">Continuer la lecture de <span class=\"screen-reader-text\">Notes de lecture : Ilium, de Dan Simmons<\/span><\/a><\/p>\n","protected":false},"author":1,"featured_media":0,"comment_status":"open","ping_status":"open","sticky":false,"template":"","format":"standard","meta":{"footnotes":""},"categories":[20,128],"tags":[126,129,127,131,125,130,38],"class_list":["post-323","post","type-post","status-publish","format-standard","hentry","category-culture","category-lecture-culture","tag-dan-simmons","tag-guerre-de-troie","tag-hard-science","tag-homere","tag-lecture","tag-notes-de-lecture","tag-science-fiction"],"aioseo_notices":[],"aioseo_head":"\n\t\t<!-- All in One SEO 5.0.1.1 - aioseo.com -->\n\t<meta name=\"robots\" content=\"max-image-preview:large\" \/>\n\t<meta name=\"author\" content=\"Olivier\"\/>\n\t<link rel=\"canonical\" href=\"https:\/\/www.fontenelle.org\/olivier\/archives\/2008\/08\/29\/ilium-de-dan-simmons\/\" \/>\n\t<meta name=\"generator\" content=\"All in One SEO (AIOSEO) 5.0.1.1\" \/>\n\t\t<meta property=\"og:locale\" content=\"fr_FR\" \/>\n\t\t<meta property=\"og:site_name\" content=\"Le blog d&#039;Olivier | Technologie, logiciels libres, Mac &amp; jeux de soci\u00e9t\u00e9s\" \/>\n\t\t<meta property=\"og:type\" content=\"article\" \/>\n\t\t<meta property=\"og:title\" content=\"Notes de lecture : Ilium, de Dan Simmons | Le blog d&#039;Olivier\" \/>\n\t\t<meta property=\"og:url\" content=\"https:\/\/www.fontenelle.org\/olivier\/archives\/2008\/08\/29\/ilium-de-dan-simmons\/\" \/>\n\t\t<meta property=\"article:published_time\" content=\"2008-08-29T21:06:36+00:00\" \/>\n\t\t<meta property=\"article:modified_time\" content=\"2008-08-29T22:09:21+00:00\" \/>\n\t\t<meta name=\"twitter:card\" content=\"summary_large_image\" \/>\n\t\t<meta name=\"twitter:title\" content=\"Notes de lecture : Ilium, de Dan Simmons | Le blog d&#039;Olivier\" \/>\n\t\t<script type=\"application\/ld+json\" class=\"aioseo-schema\">\n\t\t\t{\"@context\":\"https:\\\/\\\/schema.org\",\"@graph\":[{\"@type\":\"Article\",\"@id\":\"https:\\\/\\\/www.fontenelle.org\\\/olivier\\\/archives\\\/2008\\\/08\\\/29\\\/ilium-de-dan-simmons\\\/#article\",\"name\":\"Notes de lecture : Ilium, de Dan Simmons | Le blog d'Olivier\",\"headline\":\"Notes de lecture : Ilium, de Dan Simmons\",\"author\":{\"@id\":\"https:\\\/\\\/www.fontenelle.org\\\/olivier\\\/archives\\\/author\\\/site-admin\\\/#author\"},\"publisher\":{\"@id\":\"https:\\\/\\\/www.fontenelle.org\\\/olivier\\\/#person\"},\"image\":{\"@type\":\"ImageObject\",\"url\":\"http:\\\/\\\/www.fontenelle.org\\\/olivier\\\/wp-content\\\/uploads\\\/2008\\\/08\\\/517pkoke7hl_sl160_.jpg\",\"@id\":\"https:\\\/\\\/www.fontenelle.org\\\/olivier\\\/archives\\\/2008\\\/08\\\/29\\\/ilium-de-dan-simmons\\\/#articleImage\"},\"datePublished\":\"2008-08-29T23:06:36+01:00\",\"dateModified\":\"2008-08-30T00:09:21+01:00\",\"inLanguage\":\"fr-FR\",\"commentCount\":1,\"mainEntityOfPage\":{\"@id\":\"https:\\\/\\\/www.fontenelle.org\\\/olivier\\\/archives\\\/2008\\\/08\\\/29\\\/ilium-de-dan-simmons\\\/#webpage\"},\"isPartOf\":{\"@id\":\"https:\\\/\\\/www.fontenelle.org\\\/olivier\\\/archives\\\/2008\\\/08\\\/29\\\/ilium-de-dan-simmons\\\/#webpage\"},\"articleSection\":\"Culture, Notes de lecture, Dan Simmons, guerre de troie, hard science, Hom\\u00e8re, Lecture, notes de lecture, science-fiction\"},{\"@type\":\"BreadcrumbList\",\"@id\":\"https:\\\/\\\/www.fontenelle.org\\\/olivier\\\/archives\\\/2008\\\/08\\\/29\\\/ilium-de-dan-simmons\\\/#breadcrumblist\",\"itemListElement\":[{\"@type\":\"ListItem\",\"@id\":\"https:\\\/\\\/www.fontenelle.org\\\/olivier#listItem\",\"position\":1,\"name\":\"Domicile\",\"item\":\"https:\\\/\\\/www.fontenelle.org\\\/olivier\",\"nextItem\":{\"@type\":\"ListItem\",\"@id\":\"https:\\\/\\\/www.fontenelle.org\\\/olivier\\\/categorie\\\/culture\\\/#listItem\",\"name\":\"Culture\"}},{\"@type\":\"ListItem\",\"@id\":\"https:\\\/\\\/www.fontenelle.org\\\/olivier\\\/categorie\\\/culture\\\/#listItem\",\"position\":2,\"name\":\"Culture\",\"item\":\"https:\\\/\\\/www.fontenelle.org\\\/olivier\\\/categorie\\\/culture\\\/\",\"nextItem\":{\"@type\":\"ListItem\",\"@id\":\"https:\\\/\\\/www.fontenelle.org\\\/olivier\\\/categorie\\\/culture\\\/lecture-culture\\\/#listItem\",\"name\":\"Notes de lecture\"},\"previousItem\":{\"@type\":\"ListItem\",\"@id\":\"https:\\\/\\\/www.fontenelle.org\\\/olivier#listItem\",\"name\":\"Domicile\"}},{\"@type\":\"ListItem\",\"@id\":\"https:\\\/\\\/www.fontenelle.org\\\/olivier\\\/categorie\\\/culture\\\/lecture-culture\\\/#listItem\",\"position\":3,\"name\":\"Notes de lecture\",\"item\":\"https:\\\/\\\/www.fontenelle.org\\\/olivier\\\/categorie\\\/culture\\\/lecture-culture\\\/\",\"nextItem\":{\"@type\":\"ListItem\",\"@id\":\"https:\\\/\\\/www.fontenelle.org\\\/olivier\\\/archives\\\/2008\\\/08\\\/29\\\/ilium-de-dan-simmons\\\/#listItem\",\"name\":\"Notes de lecture : Ilium, de Dan Simmons\"},\"previousItem\":{\"@type\":\"ListItem\",\"@id\":\"https:\\\/\\\/www.fontenelle.org\\\/olivier\\\/categorie\\\/culture\\\/#listItem\",\"name\":\"Culture\"}},{\"@type\":\"ListItem\",\"@id\":\"https:\\\/\\\/www.fontenelle.org\\\/olivier\\\/archives\\\/2008\\\/08\\\/29\\\/ilium-de-dan-simmons\\\/#listItem\",\"position\":4,\"name\":\"Notes de lecture : Ilium, de Dan Simmons\",\"previousItem\":{\"@type\":\"ListItem\",\"@id\":\"https:\\\/\\\/www.fontenelle.org\\\/olivier\\\/categorie\\\/culture\\\/lecture-culture\\\/#listItem\",\"name\":\"Notes de lecture\"}}]},{\"@type\":\"Person\",\"@id\":\"https:\\\/\\\/www.fontenelle.org\\\/olivier\\\/#person\",\"name\":\"Olivier Fontenelle\"},{\"@type\":\"Person\",\"@id\":\"https:\\\/\\\/www.fontenelle.org\\\/olivier\\\/archives\\\/author\\\/site-admin\\\/#author\",\"url\":\"https:\\\/\\\/www.fontenelle.org\\\/olivier\\\/archives\\\/author\\\/site-admin\\\/\",\"name\":\"Olivier\",\"image\":{\"@type\":\"ImageObject\",\"@id\":\"https:\\\/\\\/www.fontenelle.org\\\/olivier\\\/archives\\\/2008\\\/08\\\/29\\\/ilium-de-dan-simmons\\\/#authorImage\",\"url\":\"https:\\\/\\\/secure.gravatar.com\\\/avatar\\\/0be50bd4974d5fe92ed0cb9cfc23ac1643d56bbd5a86e1bbbf814b995726c99a?s=96&d=mm&r=g\",\"width\":96,\"height\":96,\"caption\":\"Olivier\"}},{\"@type\":\"WebPage\",\"@id\":\"https:\\\/\\\/www.fontenelle.org\\\/olivier\\\/archives\\\/2008\\\/08\\\/29\\\/ilium-de-dan-simmons\\\/#webpage\",\"url\":\"https:\\\/\\\/www.fontenelle.org\\\/olivier\\\/archives\\\/2008\\\/08\\\/29\\\/ilium-de-dan-simmons\\\/\",\"name\":\"Notes de lecture : Ilium, de Dan Simmons | Le blog d'Olivier\",\"inLanguage\":\"fr-FR\",\"isPartOf\":{\"@id\":\"https:\\\/\\\/www.fontenelle.org\\\/olivier\\\/#website\"},\"breadcrumb\":{\"@id\":\"https:\\\/\\\/www.fontenelle.org\\\/olivier\\\/archives\\\/2008\\\/08\\\/29\\\/ilium-de-dan-simmons\\\/#breadcrumblist\"},\"author\":{\"@id\":\"https:\\\/\\\/www.fontenelle.org\\\/olivier\\\/archives\\\/author\\\/site-admin\\\/#author\"},\"creator\":{\"@id\":\"https:\\\/\\\/www.fontenelle.org\\\/olivier\\\/archives\\\/author\\\/site-admin\\\/#author\"},\"datePublished\":\"2008-08-29T23:06:36+01:00\",\"dateModified\":\"2008-08-30T00:09:21+01:00\"},{\"@type\":\"WebSite\",\"@id\":\"https:\\\/\\\/www.fontenelle.org\\\/olivier\\\/#website\",\"url\":\"https:\\\/\\\/www.fontenelle.org\\\/olivier\\\/\",\"name\":\"Le blog d'Olivier Le blog d'Olivier\",\"description\":\"Technologie, logiciels libres, Mac & jeux de soci\\u00e9t\\u00e9s\",\"inLanguage\":\"fr-FR\",\"publisher\":{\"@id\":\"https:\\\/\\\/www.fontenelle.org\\\/olivier\\\/#person\"}}]}\n\t\t<\/script>\n\t\t<!-- All in One SEO -->\n\n","aioseo_head_json":{"title":"Notes de lecture : Ilium, de Dan Simmons | Le blog d'Olivier","description":"","canonical_url":"https:\/\/www.fontenelle.org\/olivier\/archives\/2008\/08\/29\/ilium-de-dan-simmons\/","robots":"max-image-preview:large","keywords":"","webmasterTools":{"miscellaneous":""},"schema":{"@context":"https:\/\/schema.org","@graph":[{"@type":"Article","@id":"https:\/\/www.fontenelle.org\/olivier\/archives\/2008\/08\/29\/ilium-de-dan-simmons\/#article","name":"Notes de lecture : Ilium, de Dan Simmons | Le blog d'Olivier","headline":"Notes de lecture : Ilium, de Dan Simmons","author":{"@id":"https:\/\/www.fontenelle.org\/olivier\/archives\/author\/site-admin\/#author"},"publisher":{"@id":"https:\/\/www.fontenelle.org\/olivier\/#person"},"image":{"@type":"ImageObject","url":"http:\/\/www.fontenelle.org\/olivier\/wp-content\/uploads\/2008\/08\/517pkoke7hl_sl160_.jpg","@id":"https:\/\/www.fontenelle.org\/olivier\/archives\/2008\/08\/29\/ilium-de-dan-simmons\/#articleImage"},"datePublished":"2008-08-29T23:06:36+01:00","dateModified":"2008-08-30T00:09:21+01:00","inLanguage":"fr-FR","commentCount":1,"mainEntityOfPage":{"@id":"https:\/\/www.fontenelle.org\/olivier\/archives\/2008\/08\/29\/ilium-de-dan-simmons\/#webpage"},"isPartOf":{"@id":"https:\/\/www.fontenelle.org\/olivier\/archives\/2008\/08\/29\/ilium-de-dan-simmons\/#webpage"},"articleSection":"Culture, Notes de lecture, Dan Simmons, guerre de troie, hard science, Hom\u00e8re, Lecture, notes de lecture, science-fiction"},{"@type":"BreadcrumbList","@id":"https:\/\/www.fontenelle.org\/olivier\/archives\/2008\/08\/29\/ilium-de-dan-simmons\/#breadcrumblist","itemListElement":[{"@type":"ListItem","@id":"https:\/\/www.fontenelle.org\/olivier#listItem","position":1,"name":"Domicile","item":"https:\/\/www.fontenelle.org\/olivier","nextItem":{"@type":"ListItem","@id":"https:\/\/www.fontenelle.org\/olivier\/categorie\/culture\/#listItem","name":"Culture"}},{"@type":"ListItem","@id":"https:\/\/www.fontenelle.org\/olivier\/categorie\/culture\/#listItem","position":2,"name":"Culture","item":"https:\/\/www.fontenelle.org\/olivier\/categorie\/culture\/","nextItem":{"@type":"ListItem","@id":"https:\/\/www.fontenelle.org\/olivier\/categorie\/culture\/lecture-culture\/#listItem","name":"Notes de lecture"},"previousItem":{"@type":"ListItem","@id":"https:\/\/www.fontenelle.org\/olivier#listItem","name":"Domicile"}},{"@type":"ListItem","@id":"https:\/\/www.fontenelle.org\/olivier\/categorie\/culture\/lecture-culture\/#listItem","position":3,"name":"Notes de lecture","item":"https:\/\/www.fontenelle.org\/olivier\/categorie\/culture\/lecture-culture\/","nextItem":{"@type":"ListItem","@id":"https:\/\/www.fontenelle.org\/olivier\/archives\/2008\/08\/29\/ilium-de-dan-simmons\/#listItem","name":"Notes de lecture : Ilium, de Dan Simmons"},"previousItem":{"@type":"ListItem","@id":"https:\/\/www.fontenelle.org\/olivier\/categorie\/culture\/#listItem","name":"Culture"}},{"@type":"ListItem","@id":"https:\/\/www.fontenelle.org\/olivier\/archives\/2008\/08\/29\/ilium-de-dan-simmons\/#listItem","position":4,"name":"Notes de lecture : Ilium, de Dan Simmons","previousItem":{"@type":"ListItem","@id":"https:\/\/www.fontenelle.org\/olivier\/categorie\/culture\/lecture-culture\/#listItem","name":"Notes de lecture"}}]},{"@type":"Person","@id":"https:\/\/www.fontenelle.org\/olivier\/#person","name":"Olivier Fontenelle"},{"@type":"Person","@id":"https:\/\/www.fontenelle.org\/olivier\/archives\/author\/site-admin\/#author","url":"https:\/\/www.fontenelle.org\/olivier\/archives\/author\/site-admin\/","name":"Olivier","image":{"@type":"ImageObject","@id":"https:\/\/www.fontenelle.org\/olivier\/archives\/2008\/08\/29\/ilium-de-dan-simmons\/#authorImage","url":"https:\/\/secure.gravatar.com\/avatar\/0be50bd4974d5fe92ed0cb9cfc23ac1643d56bbd5a86e1bbbf814b995726c99a?s=96&d=mm&r=g","width":96,"height":96,"caption":"Olivier"}},{"@type":"WebPage","@id":"https:\/\/www.fontenelle.org\/olivier\/archives\/2008\/08\/29\/ilium-de-dan-simmons\/#webpage","url":"https:\/\/www.fontenelle.org\/olivier\/archives\/2008\/08\/29\/ilium-de-dan-simmons\/","name":"Notes de lecture : Ilium, de Dan Simmons | Le blog d'Olivier","inLanguage":"fr-FR","isPartOf":{"@id":"https:\/\/www.fontenelle.org\/olivier\/#website"},"breadcrumb":{"@id":"https:\/\/www.fontenelle.org\/olivier\/archives\/2008\/08\/29\/ilium-de-dan-simmons\/#breadcrumblist"},"author":{"@id":"https:\/\/www.fontenelle.org\/olivier\/archives\/author\/site-admin\/#author"},"creator":{"@id":"https:\/\/www.fontenelle.org\/olivier\/archives\/author\/site-admin\/#author"},"datePublished":"2008-08-29T23:06:36+01:00","dateModified":"2008-08-30T00:09:21+01:00"},{"@type":"WebSite","@id":"https:\/\/www.fontenelle.org\/olivier\/#website","url":"https:\/\/www.fontenelle.org\/olivier\/","name":"Le blog d'Olivier Le blog d'Olivier","description":"Technologie, logiciels libres, Mac & jeux de soci\u00e9t\u00e9s","inLanguage":"fr-FR","publisher":{"@id":"https:\/\/www.fontenelle.org\/olivier\/#person"}}]},"og:locale":"fr_FR","og:site_name":"Le blog d'Olivier | Technologie, logiciels libres, Mac &amp; jeux de soci\u00e9t\u00e9s","og:type":"article","og:title":"Notes de lecture : Ilium, de Dan Simmons | Le blog d'Olivier","og:url":"https:\/\/www.fontenelle.org\/olivier\/archives\/2008\/08\/29\/ilium-de-dan-simmons\/","article:published_time":"2008-08-29T21:06:36+00:00","article:modified_time":"2008-08-29T22:09:21+00:00","twitter:card":"summary_large_image","twitter:title":"Notes de lecture : Ilium, de Dan Simmons | Le blog d'Olivier"},"aioseo_meta_data":{"post_id":"323","title":null,"description":null,"keywords":null,"keyphrases":null,"primary_term":null,"canonical_url":null,"og_title":null,"og_description":null,"og_object_type":"default","og_image_type":"default","og_image_url":null,"og_image_width":null,"og_image_height":null,"og_image_custom_url":null,"og_image_custom_fields":null,"og_video":null,"og_custom_url":null,"og_article_section":null,"og_article_tags":null,"twitter_use_og":false,"twitter_card":"default","twitter_image_type":"default","twitter_image_url":null,"twitter_image_custom_url":null,"twitter_image_custom_fields":null,"twitter_title":null,"twitter_description":null,"schema":{"blockGraphs":[],"customGraphs":[],"default":{"data":{"Article":[],"Course":[],"Dataset":[],"FAQPage":[],"Movie":[],"Person":[],"Product":[],"ProductReview":[],"Car":[],"Recipe":[],"Service":[],"SoftwareApplication":[],"WebPage":[]},"graphName":"","isEnabled":true},"graphs":[]},"schema_type":"default","schema_type_options":null,"pillar_content":false,"robots_default":true,"robots_noindex":false,"robots_noarchive":false,"robots_nosnippet":false,"robots_nofollow":false,"robots_noimageindex":false,"robots_noodp":false,"robots_notranslate":false,"robots_max_snippet":null,"robots_max_videopreview":null,"robots_max_imagepreview":"large","priority":null,"frequency":null,"local_seo":null,"breadcrumb_settings":null,"limit_modified_date":false,"ai":null,"created":"2024-08-30 20:54:21","updated":"2025-06-03 23:42:15","seo_analyzer_scan_date":null,"focus_keyword":null,"additional_keywords":null,"truseo_locale":null},"aioseo_breadcrumb":"<div class=\"aioseo-breadcrumbs\"><span class=\"aioseo-breadcrumb\">\n\t\t\t<a href=\"https:\/\/www.fontenelle.org\/olivier\" title=\"Domicile\">Domicile<\/a>\n\t\t<\/span><span class=\"aioseo-breadcrumb-separator\">&raquo;<\/span><span class=\"aioseo-breadcrumb\">\n\t\t\t<a href=\"https:\/\/www.fontenelle.org\/olivier\/categorie\/culture\/\" title=\"Culture\">Culture<\/a>\n\t\t<\/span><span class=\"aioseo-breadcrumb-separator\">&raquo;<\/span><span class=\"aioseo-breadcrumb\">\n\t\t\t<a href=\"https:\/\/www.fontenelle.org\/olivier\/categorie\/culture\/lecture-culture\/\" title=\"Notes de lecture\">Notes de lecture<\/a>\n\t\t<\/span><span class=\"aioseo-breadcrumb-separator\">&raquo;<\/span><span class=\"aioseo-breadcrumb\">\n\t\t\tNotes de lecture : Ilium, de Dan Simmons\n\t\t<\/span><\/div>","aioseo_breadcrumb_json":[{"label":"Domicile","link":"https:\/\/www.fontenelle.org\/olivier"},{"label":"Culture","link":"https:\/\/www.fontenelle.org\/olivier\/categorie\/culture\/"},{"label":"Notes de lecture","link":"https:\/\/www.fontenelle.org\/olivier\/categorie\/culture\/lecture-culture\/"},{"label":"Notes de lecture : Ilium, de Dan Simmons","link":"https:\/\/www.fontenelle.org\/olivier\/archives\/2008\/08\/29\/ilium-de-dan-simmons\/"}],"_links":{"self":[{"href":"https:\/\/www.fontenelle.org\/olivier\/wp-json\/wp\/v2\/posts\/323","targetHints":{"allow":["GET"]}}],"collection":[{"href":"https:\/\/www.fontenelle.org\/olivier\/wp-json\/wp\/v2\/posts"}],"about":[{"href":"https:\/\/www.fontenelle.org\/olivier\/wp-json\/wp\/v2\/types\/post"}],"author":[{"embeddable":true,"href":"https:\/\/www.fontenelle.org\/olivier\/wp-json\/wp\/v2\/users\/1"}],"replies":[{"embeddable":true,"href":"https:\/\/www.fontenelle.org\/olivier\/wp-json\/wp\/v2\/comments?post=323"}],"version-history":[{"count":0,"href":"https:\/\/www.fontenelle.org\/olivier\/wp-json\/wp\/v2\/posts\/323\/revisions"}],"wp:attachment":[{"href":"https:\/\/www.fontenelle.org\/olivier\/wp-json\/wp\/v2\/media?parent=323"}],"wp:term":[{"taxonomy":"category","embeddable":true,"href":"https:\/\/www.fontenelle.org\/olivier\/wp-json\/wp\/v2\/categories?post=323"},{"taxonomy":"post_tag","embeddable":true,"href":"https:\/\/www.fontenelle.org\/olivier\/wp-json\/wp\/v2\/tags?post=323"}],"curies":[{"name":"wp","href":"https:\/\/api.w.org\/{rel}","templated":true}]}}